{"id":119193,"date":"2026-04-27T19:06:55","date_gmt":"2026-04-27T19:06:55","guid":{"rendered":"https:\/\/basketball.runfyers.com\/index.php\/2026\/04\/27\/sean-kellys-classics-column-just-like-pogacar-paul-seixas-has-the-whole-package-but-he-shouldnt-ride-the-tour-this-summer\/"},"modified":"2026-04-27T19:06:55","modified_gmt":"2026-04-27T19:06:55","slug":"sean-kellys-classics-column-just-like-pogacar-paul-seixas-has-the-whole-package-but-he-shouldnt-ride-the-tour-this-summer","status":"publish","type":"post","link":"https:\/\/basketball.runfyers.com\/index.php\/2026\/04\/27\/sean-kellys-classics-column-just-like-pogacar-paul-seixas-has-the-whole-package-but-he-shouldnt-ride-the-tour-this-summer\/","title":{"rendered":"Sean Kelly&#8217;s Classics column: Just like Poga\u010dar, Paul Seixas has the whole package, but he shouldn&#8217;t ride the Tour this summer"},"content":{"rendered":"<p><\/p>\n<div id=\"article-body\">\n<p id=\"elk-d7968cef-71a4-451d-bf2c-27275d19799b\">Over the course of the <a data-analytics-id=\"inline-link\" href=\"https:\/\/www.cyclingnews.com\/spring-classics\/\" data-url=\"https:\/\/www.cyclingnews.com\/spring-classics\/\" data-hl-processed=\"none\" data-mrf-recirculation=\"inline-link\" data-before-rewrite-localise=\"https:\/\/www.cyclingnews.com\/spring-classics\/\" target=\"_blank\" rel=\"noopener\">Spring Classics<\/a>, I&#8217;ve certainly not been alone in asking the question: how do you beat <a data-analytics-id=\"inline-link\" href=\"https:\/\/www.cyclingnews.com\/riders\/tadej-pogacar\/\" data-url=\"https:\/\/www.cyclingnews.com\/riders\/tadej-pogacar\/\" data-hl-processed=\"none\" data-mrf-recirculation=\"inline-link\" data-before-rewrite-localise=\"https:\/\/www.cyclingnews.com\/riders\/tadej-pogacar\/\" target=\"_blank\" rel=\"noopener\">Tadej Poga\u010dar<\/a>? The opening stages of yesterday&#8217;s <a data-analytics-id=\"inline-link\" href=\"https:\/\/www.cyclingnews.com\/pro-cycling\/racing\/liege-bastogne-liege-tadej-pogacar-drops-worthy-challenger-paul-seixas-with-searing-attack-on-cote-de-la-roche-aux-faucons-to-claim-fourth-la-doyenne-victory\/\" data-url=\"https:\/\/www.cyclingnews.com\/pro-cycling\/racing\/liege-bastogne-liege-tadej-pogacar-drops-worthy-challenger-paul-seixas-with-searing-attack-on-cote-de-la-roche-aux-faucons-to-claim-fourth-la-doyenne-victory\/\" data-hl-processed=\"none\" data-mrf-recirculation=\"inline-link\" data-before-rewrite-localise=\"https:\/\/www.cyclingnews.com\/pro-cycling\/racing\/liege-bastogne-liege-tadej-pogacar-drops-worthy-challenger-paul-seixas-with-searing-attack-on-cote-de-la-roche-aux-faucons-to-claim-fourth-la-doyenne-victory\/\" target=\"_blank\" rel=\"noopener\">Li\u00e8ge-Bastogne-Li\u00e8ge<\/a> looked to me like several teams were searching for that answer, as a large breakaway went clear and built up an advantage that exceeded three minutes for a while.<\/p>\n<p>Compared to the likes of Paris-Roubaix, forming a breakaway in La Doyenne is easier, given the route&#8217;s elevation and the smaller selection of riders actually capable of getting up the road. I must admit that I was rather surprised to see so many riders, including Remco Evenepoel, in the breakaway by the time the TV coverage came around, though.<\/p>\n<p><a id=\"elk-seasonal\"\/><\/p>\n<aside data-block-type=\"embed\" data-render-type=\"fte\" data-skip=\"dealsy\" data-widget-type=\"seasonal\" class=\"hawk-root\"\/>\n<p id=\"elk-d7968cef-71a4-451d-bf2c-27275d19799b-2\" class=\"paywall\" aria-hidden=\"true\">It quickly became a battle between <a data-analytics-id=\"inline-link\" href=\"https:\/\/www.cyclingnews.com\/road\/teams\/uci-worldtour\/2025\/uae-team-emirates-xrg\/\" data-url=\"https:\/\/www.cyclingnews.com\/road\/teams\/uci-worldtour\/2025\/uae-team-emirates-xrg\/\" data-hl-processed=\"none\" data-mrf-recirculation=\"inline-link\" data-before-rewrite-localise=\"https:\/\/www.cyclingnews.com\/road\/teams\/uci-worldtour\/2025\/uae-team-emirates-xrg\/\" target=\"_blank\" rel=\"noopener\">UAE Team Emirates-XRG<\/a> and <a data-analytics-id=\"inline-link\" href=\"https:\/\/www.cyclingnews.com\/road\/teams\/uci-worldtour\/2026\/decathlon-cma-cgm\/\" data-url=\"https:\/\/www.cyclingnews.com\/road\/teams\/uci-worldtour\/2026\/decathlon-cma-cgm\/\" data-hl-processed=\"none\" data-mrf-recirculation=\"inline-link\" data-before-rewrite-localise=\"https:\/\/www.cyclingnews.com\/road\/teams\/uci-worldtour\/2026\/decathlon-cma-cgm\/\" target=\"_blank\" rel=\"noopener\">Decathlon CMA CGM<\/a>, versus the escapees, with Evenepoel, Egan Bernal, and their respective teammates Nico Denz and Laurens De Plus, working to keep that gap high. There were plenty of other teams represented, too, like Uno-X Mobility and Lidl-Trek, and the lead group was riding well together. However, the further into the race they went, the more riders began to think &#8216;how far will we make it into the final?&#8217; and &#8216;could this be the year that the break makes it to the end?&#8217;, so teams began to tell their riders to conserve energy, and before you know it, all the momentum is gone, and the break is killed.<\/p>\n<p>This breakaway action did force UAE Team Emirates-XRG to burn their matches sooner than they&#8217;d have maybe liked, with Pavel Sivakov and Tim Wellens putting in some crazy efforts at the front to sew the race back together. But ultimately, it was never going to change Poga\u010dar&#8217;s plan. It was a mad, energy-sapping pace heading into La Redoute that made positioning vital. So when Beno\u00eet Cosnefroy delivered Poga\u010dar into La Redoute at the front of the strung-out bunch, well, he made everyone else pay. The manner in which he hit that climb at such speed, my God, it&#8217;s just mindblowing the way he can do it.<\/p>\n<p><a id=\"elk-84469c54-cb6e-4262-bc7f-9fa9304b2b27\" class=\"paywall\" aria-hidden=\"true\"\/><\/p>\n<h2 id=\"after-his-liege-exploits-is-seixas-tour-de-france-ready-3\">After his Li\u00e8ge exploits, is Seixas Tour de France ready? <\/h2>\n<p id=\"elk-93767f97-1565-426d-bcdf-ab8b75c3b72a\">Of course, one rider who could handle his La Redoute acceleration was Paul Seixas, but fast forward to the C\u00f4te de la Roche-aux-Faucons, and Poga\u010dar didn&#8217;t even come out of his saddle as he rode away from him. The UAE man had another gear there. Either he didn&#8217;t have to make a huge effort, or perhaps Seixas just frankly ran out of power there.<\/p>\n<p>Regardless, it was the first Monument where the Frenchman came into the race as a main favourite, especially after his La Fl\u00e8che Wallonne win, so the expectations were high, and he definitely lived up to them. His positioning, in particular, was impressive. You can be a great bike racer and get over testing climbs, but positioning yourself well on the likes of La Redoute is so difficult. Seixas did it very well, and that&#8217;s the talent you need to get yourself in the wheel of Poga\u010dar when he kicks on.<\/p>\n<p>Over the top of La Redoute, Seixas rode with Poga\u010dar because he didn&#8217;t want to get into a tactical game and allow the other riders a chance to return, which is understandable. What&#8217;s more, if you&#8217;re not riding, Poga\u010dar could very well sit up too, and then the situation would become much more complex. Although if he had held something back, perhaps he could&#8217;ve kept up on the C\u00f4te de la Roche-aux-Faucons. Regardless, he had to go so deep on La Redoute, but was then able to recover and offer turns. It shows he&#8217;s clearly not afraid of racing Poga\u010dar, and to have that mentality to want to do that is a very good thing.<\/p>\n<figure class=\"van-image-figure full-width-layout\" data-bordeaux-image-check=\"\" id=\"elk-5cf468e2-532d-43dc-a634-aee9751fad38\">\n<div class=\"image-full-width-wrapper\">\n<div class=\"image-widthsetter\">\n<p class=\"vanilla-image-block\" style=\"padding-top:66.65%;\"> <picture data-new-v2-image=\"true\"><source type=\"image\/webp\" srcset=\"https:\/\/cdn.mos.cms.futurecdn.net\/WEK5KJKHSEPpVBLVhXP2wk-2000-80.jpg.webp 2560w, https:\/\/cdn.mos.cms.futurecdn.net\/WEK5KJKHSEPpVBLVhXP2wk-1920-80.jpg.webp 1920w, https:\/\/cdn.mos.cms.futurecdn.net\/WEK5KJKHSEPpVBLVhXP2wk-1440-80.jpg.webp 1440w, https:\/\/cdn.mos.cms.futurecdn.net\/WEK5KJKHSEPpVBLVhXP2wk-1280-80.jpg.webp 1280w, https:\/\/cdn.mos.cms.futurecdn.net\/WEK5KJKHSEPpVBLVhXP2wk-1200-80.jpg.webp 1200w, https:\/\/cdn.mos.cms.futurecdn.net\/WEK5KJKHSEPpVBLVhXP2wk-1024-80.jpg.webp 1024w, https:\/\/cdn.mos.cms.futurecdn.net\/WEK5KJKHSEPpVBLVhXP2wk-970-80.jpg.webp 970w, https:\/\/cdn.mos.cms.futurecdn.net\/WEK5KJKHSEPpVBLVhXP2wk-650-80.jpg.webp 650w, https:\/\/cdn.mos.cms.futurecdn.net\/WEK5KJKHSEPpVBLVhXP2wk-480-80.jpg.webp 480w, https:\/\/cdn.mos.cms.futurecdn.net\/WEK5KJKHSEPpVBLVhXP2wk-320-80.jpg.webp 320w\" sizes=\"100vw\"\/>\n<\/picture><\/p>\n<\/div>\n<\/div><figcaption itemprop=\"caption description\" class=\" full-width-layout\"><span class=\"caption-text\">It might not be long before Seixas makes the jump to the top step of a Monument podium <\/span><span class=\"credit\" itemprop=\"copyrightHolder\">(Image credit: Getty Images)<\/span><\/figcaption><\/figure>\n<p id=\"elk-00e669fb-34cd-4e3d-92c0-c1f0396d5bc8\">It was a major test to see what he could do against the Slovenian on an Ardennes Classic stage, and he lived up to it big time. The 19-year-old has the talent, but he also has the rest of the package too, in a similar vein to Poga\u010dar \u2013 he can do both stage races and Monuments. I&#8217;m sure Poga\u010dar is looking over his shoulder and thinking, &#8216;wow, this guy is catching up quickly!&#8217;<\/p>\n<p>Naturally, that rise is only going to put more pressure on him in France. I stand by my opinion that I made in <a data-analytics-id=\"inline-link\" href=\"https:\/\/www.cyclingnews.com\/pro-cycling\/racing\/sean-kellys-classic-column-tadej-pogacar-is-unbeatable-but-thank-god-for-paul-seixas\/\" data-url=\"https:\/\/www.cyclingnews.com\/pro-cycling\/racing\/sean-kellys-classic-column-tadej-pogacar-is-unbeatable-but-thank-god-for-paul-seixas\/\" data-hl-processed=\"none\" data-mrf-recirculation=\"inline-link\" data-before-rewrite-localise=\"https:\/\/www.cyclingnews.com\/pro-cycling\/racing\/sean-kellys-classic-column-tadej-pogacar-is-unbeatable-but-thank-god-for-paul-seixas\/\" target=\"_blank\" rel=\"noopener\">my <em>Cyclingnews<\/em> column after Strade Bianche<\/a> that he shouldn&#8217;t race the Tour de France this year. At just 19, he&#8217;s already doing a lot of racing, and there&#8217;s a point where you need to put the brakes on. So the question really ought to be, why do the team want him to race Le Tour so early? There are rumours regarding his future which could be driving it, but that&#8217;s always the case with a talent like Seixas, so it&#8217;s hard to say.<\/p>\n<p>While Seixas&#8217; near future is yet to be decided, Poga\u010dar immediately turns his attention to stage racing with the <a data-analytics-id=\"inline-link\" href=\"https:\/\/www.cyclingnews.com\/tour-de-romandie\/\" data-url=\"https:\/\/www.cyclingnews.com\/tour-de-romandie\/\" data-hl-processed=\"none\" data-mrf-recirculation=\"inline-link\" data-before-rewrite-localise=\"https:\/\/www.cyclingnews.com\/tour-de-romandie\/\" target=\"_blank\" rel=\"noopener\">Tour de Romandie<\/a> tomorrow. He&#8217;s had a successful Classics campaign, but when you look at it, he hasn&#8217;t raced loads. These two stages races ahead of July, Romandie and the Tour de Suisse, will be good preparation, and of course, they&#8217;re races he&#8217;s yet to win, which seems to be something he likes, getting as many on his palmar\u00e8s as possible.<\/p>\n<p><a id=\"elk-dcbad0fc-d0d3-4235-b632-56eddae104cb\" class=\"paywall\" aria-hidden=\"true\"\/><\/p>\n<h2 id=\"vollering-s-vicious-seated-attack-and-the-classics-mind-blowing-speeds-3\">Vollering&#8217;s vicious seated attack and the Classics&#8217; mind-blowing speeds<\/h2>\n<p id=\"elk-e5b92326-fe3e-41e6-b198-b3d2de5432b6\">Meanwhile, in the women&#8217;s race, Demi Vollering simply had more power than everybody else. She forced a gap on La Redoute while still seated in her saddle, and considering the gradient of the climb, there are very few male or female riders capable of that; you&#8217;d have to go back a long way. From there, it became so difficult for the chasing group to reel her in because while Vollering is riding all out, the other will have one eye on saving something should the race come back together. No one wants to give 100 per cent for someone else, so the gap just grows and grows.<\/p>\n<p>When Anna van der Breggen bridged across to the second group, she almost went straight through them and out the other side, which showed that they weren&#8217;t giving everything to hunt down the top spot of the podium, but that&#8217;s often the case, and in men&#8217;s racing too.<\/p>\n<figure class=\"van-image-figure inline-layout\" data-bordeaux-image-check=\"\" id=\"elk-90f8b87f-1dc3-412c-8b78-b56a39fc3ff5\">\n<div class=\"image-full-width-wrapper\">\n<div class=\"image-widthsetter\" style=\"max-width:4560px;\">\n<p class=\"vanilla-image-block\" style=\"padding-top:66.67%;\"> <picture data-new-v2-image=\"true\"><source type=\"image\/webp\" srcset=\"https:\/\/cdn.mos.cms.futurecdn.net\/jgayrNxwJrCcfbcDCqkHnc-2560-80.jpg.webp 2560w, https:\/\/cdn.mos.cms.futurecdn.net\/jgayrNxwJrCcfbcDCqkHnc-1920-80.jpg.webp 1920w, https:\/\/cdn.mos.cms.futurecdn.net\/jgayrNxwJrCcfbcDCqkHnc-1440-80.jpg.webp 1440w, https:\/\/cdn.mos.cms.futurecdn.net\/jgayrNxwJrCcfbcDCqkHnc-1280-80.jpg.webp 1280w, https:\/\/cdn.mos.cms.futurecdn.net\/jgayrNxwJrCcfbcDCqkHnc-1200-80.jpg.webp 1200w, https:\/\/cdn.mos.cms.futurecdn.net\/jgayrNxwJrCcfbcDCqkHnc-1024-80.jpg.webp 1024w, https:\/\/cdn.mos.cms.futurecdn.net\/jgayrNxwJrCcfbcDCqkHnc-970-80.jpg.webp 970w, https:\/\/cdn.mos.cms.futurecdn.net\/jgayrNxwJrCcfbcDCqkHnc-650-80.jpg.webp 650w, https:\/\/cdn.mos.cms.futurecdn.net\/jgayrNxwJrCcfbcDCqkHnc-480-80.jpg.webp 480w, https:\/\/cdn.mos.cms.futurecdn.net\/jgayrNxwJrCcfbcDCqkHnc-320-80.jpg.webp 320w\" sizes=\"100vw\"\/><img decoding=\"async\" alt=\"Demi Vollering of FDJ United Suez of Netherlands during Liege - Bastogne- Liege Femmes 2026 (Photo by Pim Waslander\/Soccrates\/Getty Images)\" srcset=\"https:\/\/cdn.mos.cms.futurecdn.net\/jgayrNxwJrCcfbcDCqkHnc-2560-80.jpg 2560w, https:\/\/cdn.mos.cms.futurecdn.net\/jgayrNxwJrCcfbcDCqkHnc-1920-80.jpg 1920w, https:\/\/cdn.mos.cms.futurecdn.net\/jgayrNxwJrCcfbcDCqkHnc-1440-80.jpg 1440w, https:\/\/cdn.mos.cms.futurecdn.net\/jgayrNxwJrCcfbcDCqkHnc-1280-80.jpg 1280w, https:\/\/cdn.mos.cms.futurecdn.net\/jgayrNxwJrCcfbcDCqkHnc-1200-80.jpg 1200w, https:\/\/cdn.mos.cms.futurecdn.net\/jgayrNxwJrCcfbcDCqkHnc-1024-80.jpg 1024w, https:\/\/cdn.mos.cms.futurecdn.net\/jgayrNxwJrCcfbcDCqkHnc-970-80.jpg 970w, https:\/\/cdn.mos.cms.futurecdn.net\/jgayrNxwJrCcfbcDCqkHnc-650-80.jpg 650w, https:\/\/cdn.mos.cms.futurecdn.net\/jgayrNxwJrCcfbcDCqkHnc-480-80.jpg 480w, https:\/\/cdn.mos.cms.futurecdn.net\/jgayrNxwJrCcfbcDCqkHnc-320-80.jpg 320w\" sizes=\"100vw\" loading=\"lazy\" data-new-v2-image=\"true\" src=\"https:\/\/cdn.mos.cms.futurecdn.net\/jgayrNxwJrCcfbcDCqkHnc.jpg\" data-pin-media=\"https:\/\/cdn.mos.cms.futurecdn.net\/jgayrNxwJrCcfbcDCqkHnc.jpg\" class=\"rounded-[var(--image--border-radius,0)] inline\"\/>\n<\/picture><\/p>\n<\/div>\n<\/div><figcaption itemprop=\"caption description\" class=\" inline-layout\"><span class=\"caption-text\">Vollering powered to a third Li\u00e8ge title <\/span><span class=\"credit\" itemprop=\"copyrightHolder\">(Image credit: Pim Waslander\/Getty Images)<\/span><\/figcaption><\/figure>\n<p id=\"elk-e5414ce9-e5f7-470b-bed6-ffa7f3345681\">The women&#8217;s race also shone a light on two up-and-coming talents, too, in Paula Blasi and Isabella Holmgren. Blasi won Amstel Gold Ladies a week prior, and these young talents are becoming more common in the Classics, which is exactly what we need, because you don&#8217;t want it to always be the same two or three riders dominating proceedings.<\/p>\n<p>The women&#8217;s race at Li\u00e8ge wrapped up another Spring Classics campaign, with this year&#8217;s races delivering some amazing racing and incredible drama. Of course, on the men&#8217;s side, Poga\u010dar has been dominant, but my main takeaway is the pace that this year&#8217;s editions have been ridden at, with each and every Classic getting faster year after year. The action is also getting underway earlier and earlier, with the large breakaway in the men&#8217;s a clear example of this. A decade ago, the peloton would only really get going with 100km remaining; now it&#8217;s all-action from 260km out.<\/p>\n<\/div>\n<p><a href=\"https:\/\/www.cyclingnews.com\/pro-cycling\/sean-kellys-classics-column-just-like-pogacar-paul-seixas-has-the-whole-package-but-he-shouldnt-ride-the-tour-this-summer\/\" target=\"_blank\" rel=\"noopener\">Source link <\/a><\/p>\n","protected":false},"excerpt":{"rendered":"<p>Over the course of the Spring Classics, I&#8217;ve certainly not been alone in asking the question: how do you beat Tadej Poga\u010dar? The opening stages of yesterday&#8217;s Li\u00e8ge-Bastogne-Li\u00e8ge looked to me like several teams were searching for that answer, as a large breakaway went clear and built up an advantage that exceeded three minutes for [&hellip;]<\/p>\n","protected":false},"author":1,"featured_media":119194,"comment_status":"open","ping_status":"open","sticky":false,"template":"","format":"standard","meta":[],"categories":[4],"tags":[],"_links":{"self":[{"href":"https:\/\/basketball.runfyers.com\/index.php\/wp-json\/wp\/v2\/posts\/119193"}],"collection":[{"href":"https:\/\/basketball.runfyers.com\/index.php\/wp-json\/wp\/v2\/posts"}],"about":[{"href":"https:\/\/basketball.runfyers.com\/index.php\/wp-json\/wp\/v2\/types\/post"}],"author":[{"embeddable":true,"href":"https:\/\/basketball.runfyers.com\/index.php\/wp-json\/wp\/v2\/users\/1"}],"replies":[{"embeddable":true,"href":"https:\/\/basketball.runfyers.com\/index.php\/wp-json\/wp\/v2\/comments?post=119193"}],"version-history":[{"count":0,"href":"https:\/\/basketball.runfyers.com\/index.php\/wp-json\/wp\/v2\/posts\/119193\/revisions"}],"wp:featuredmedia":[{"embeddable":true,"href":"https:\/\/basketball.runfyers.com\/index.php\/wp-json\/wp\/v2\/media\/119194"}],"wp:attachment":[{"href":"https:\/\/basketball.runfyers.com\/index.php\/wp-json\/wp\/v2\/media?parent=119193"}],"wp:term":[{"taxonomy":"category","embeddable":true,"href":"https:\/\/basketball.runfyers.com\/index.php\/wp-json\/wp\/v2\/categories?post=119193"},{"taxonomy":"post_tag","embeddable":true,"href":"https:\/\/basketball.runfyers.com\/index.php\/wp-json\/wp\/v2\/tags?post=119193"}],"curies":[{"name":"wp","href":"https:\/\/api.w.org\/{rel}","templated":true}]}}