{"id":119072,"date":"2026-04-26T17:38:51","date_gmt":"2026-04-26T17:38:51","guid":{"rendered":"https:\/\/basketball.runfyers.com\/index.php\/2026\/04\/26\/it-gives-me-extra-motivation-to-work-harder-kasia-niewiadoma-phinney-turns-attention-to-la-vuelta-femenina-after-podium-performance-at-liege-bastogne-liege\/"},"modified":"2026-04-26T17:38:51","modified_gmt":"2026-04-26T17:38:51","slug":"it-gives-me-extra-motivation-to-work-harder-kasia-niewiadoma-phinney-turns-attention-to-la-vuelta-femenina-after-podium-performance-at-liege-bastogne-liege","status":"publish","type":"post","link":"https:\/\/basketball.runfyers.com\/index.php\/2026\/04\/26\/it-gives-me-extra-motivation-to-work-harder-kasia-niewiadoma-phinney-turns-attention-to-la-vuelta-femenina-after-podium-performance-at-liege-bastogne-liege\/","title":{"rendered":"&#8216;It gives me extra motivation to work harder&#8217; &#8211; Kasia Niewiadoma-Phinney turns attention to La Vuelta Femenina after podium performance at Li\u00e8ge-Bastogne-Li\u00e8ge"},"content":{"rendered":"<p><\/p>\n<div id=\"article-body\">\n<p id=\"elk-5cd39700-d735-4bfe-aac2-943c36886721\">As <a data-analytics-id=\"inline-link\" href=\"https:\/\/www.cyclingnews.com\/riders\/katarzyna-niewiadoma-phinney\/\" data-url=\"https:\/\/www.cyclingnews.com\/riders\/katarzyna-niewiadoma-phinney\/\" data-hl-processed=\"none\" data-mrf-recirculation=\"inline-link\" data-before-rewrite-localise=\"https:\/\/www.cyclingnews.com\/riders\/katarzyna-niewiadoma-phinney\/\" target=\"_blank\" rel=\"noopener\">Kasia Niewiadoma-Phinney<\/a> turns her attention to the stage racing season at <a data-analytics-id=\"inline-link\" href=\"https:\/\/www.cyclingnews.com\/la-vuelta-femenina\/\" data-url=\"https:\/\/www.cyclingnews.com\/la-vuelta-femenina\/\" data-hl-processed=\"none\" data-mrf-recirculation=\"inline-link\" data-before-rewrite-localise=\"https:\/\/www.cyclingnews.com\/la-vuelta-femenina\/\" target=\"_blank\" rel=\"noopener\">La Vuelta Femenina<\/a> in May, she reflected on the conclusion of her Spring Classics campaign, where she <a data-analytics-id=\"inline-link\" href=\"https:\/\/www.cyclingnews.com\/pro-cycling\/womens-cycling\/liege-bastogne-liege-femmes-demi-vollering-unmatched-on-cote-de-la-redoute-in-35km-solo-move-to-claim-record-third-victory\/\" data-url=\"https:\/\/www.cyclingnews.com\/pro-cycling\/womens-cycling\/liege-bastogne-liege-femmes-demi-vollering-unmatched-on-cote-de-la-redoute-in-35km-solo-move-to-claim-record-third-victory\/\" data-hl-processed=\"none\" data-mrf-recirculation=\"inline-link\" data-before-rewrite-localise=\"https:\/\/www.cyclingnews.com\/pro-cycling\/womens-cycling\/liege-bastogne-liege-femmes-demi-vollering-unmatched-on-cote-de-la-redoute-in-35km-solo-move-to-claim-record-third-victory\/\" target=\"_blank\" rel=\"noopener\">finished on the podium<\/a> behind solo winner Demi Vollering (FDJ United-SUEZ) and runner-up Puck Pieterse (Fenix-Premier Tech) at <a data-analytics-id=\"inline-link\" href=\"https:\/\/www.cyclingnews.com\/liege-bastogne-liege-femmes\/\" data-url=\"https:\/\/www.cyclingnews.com\/liege-bastogne-liege-femmes\/\" data-hl-processed=\"none\" data-mrf-recirculation=\"inline-link\" data-before-rewrite-localise=\"https:\/\/www.cyclingnews.com\/liege-bastogne-liege-femmes\/\" target=\"_blank\" rel=\"noopener\">Li\u00e8ge-Bastogne-Li\u00e8ge Femmes<\/a> on Sunday.<\/p>\n<p>&#8220;I&#8217;m happy about it. I believe that, as a team, we rode a nicer race and stayed together, and I was happy that I could pull off a podium. Demi was incredibly strong today,&#8221; Niewiadona-Phinney said after sprinting in a small chase group against Pieterse and late-bridger Anna van der Breggen (SD Worx-Protime).<\/p>\n<p><a id=\"elk-seasonal\"\/><\/p>\n<aside data-block-type=\"embed\" data-render-type=\"fte\" data-skip=\"dealsy\" data-widget-type=\"seasonal\" class=\"hawk-root\"\/>\n<p id=\"elk-5cd39700-d735-4bfe-aac2-943c36886721-2\">The Polish Champion was one of the pre-race favourites after finishing second at Omloop Het Nieuwsblad, Strade Bianche and Amstel Gold Race, and fourth at Fl\u00e8che Wallonne, but she could not hold onto Vollering&#8217;s searing solo attack over the C\u00f4te de la Redoute with 35km remaining in the elite women&#8217;s 156km Monument.<\/p>\n<p><span class=\"article-continues-below block py-2 text-sm\">Article continues below <svg xmlns=\"http:\/\/www.w3.org\/2000\/svg\" aria-hidden=\"true\" class=\"inline-block w-2.5 h-2.5 ml-2\" fill=\"currentColor\" preserveaspectratio=\"xMidYMid meet\" viewbox=\"0 0 1000 1000\"><path d=\"M1000 100L500 900 0 100h1000z\"\/><\/svg><\/span><\/p>\n<aside data-component-name=\"Recirculation:ArticleRiver\" data-recirculation-type=\"inline\" data-mrf-recirculation=\"Trending Bar\" data-nosnippet=\"\" class=\"clear-both pb-0 pt-2 mb-4\">\n        <span class=\"&#10;            flex&#10;            after:content-[''] after:flex-1 after:ml-4 after:my-[0.7rem] after:border-t after:border-solid after:border-t-[#ccc]&#10;            before:content-[''] before:flex-1 before:mr-4 before:my-[0.7rem] before:border-t before:border-solid before:border-t-[#ccc]&#10;            font-article-heading pb-0 !text-base uppercase sm:text-sm font-bold&#10;        \"><br \/>\n            You may like<br \/>\n        <\/span><\/p>\n<\/aside>\n<p class=\"paywall\" aria-hidden=\"true\">&#8220;Of course, you always feel a little upset that you could not follow, but at the same time, I feel like it gives me extra motivation to work harder so that I can eventually close the gap. I&#8217;m definitely pleased about the result,&#8221; she said.<\/p>\n<p class=\"paywall\" aria-hidden=\"true\">She initially entered into a chase group with Pieterse and Lidl-Trek teammates Isabella Holmgren and Niamh Fisher-Black.<\/p>\n<p class=\"paywall\" aria-hidden=\"true\">&#8220;Once you go into a red zone, and then you have to chase or go full gas, there is not much going on; you just know that you have to try your best,&#8221; Niewiadoma-Phinney said.<\/p>\n<p class=\"paywall\" aria-hidden=\"true\">&#8220;I tried to close the gap on the uphill section or come closer, but of course, Demi is a world-class rider, and it wasn&#8217;t easy. It was nice that we were all committed and everyone wanted to contribute to the chase.&#8221;<\/p>\n<div id=\"slice-container-newsletterForm-articleInbodyContent-4yeToyaoxFGo8g6gAVRVcW\" class=\"slice-container newsletter-inbodyContent-slice newsletterForm-articleInbodyContent-4yeToyaoxFGo8g6gAVRVcW slice-container-newsletterForm\">\n<div data-hydrate=\"true\" class=\"newsletter-form__wrapper newsletter-form__wrapper--inbodyContent\">\n<div class=\"newsletter-form__container\">\n<section class=\"newsletter-form__top-bar\"\/>\n<section class=\"newsletter-form__main-section\">\n<p class=\"newsletter-form__strapline\">The latest race content, interviews, features, reviews and expert buying guides, direct to your inbox!<\/p>\n<\/section>\n<\/div>\n<\/div>\n<\/div>\n<figure class=\"van-image-figure inline-layout\" data-bordeaux-image-check=\"\" id=\"elk-25f2d6ae-b047-4757-b8c4-a7841a25e03e\">\n<div class=\"image-full-width-wrapper\">\n<div class=\"image-widthsetter\" style=\"max-width:1024px;\">\n<p class=\"vanilla-image-block\" style=\"padding-top:66.60%;\"> <picture data-new-v2-image=\"true\"><source type=\"image\/webp\" srcset=\"https:\/\/cdn.mos.cms.futurecdn.net\/cacHQsfXKWMs7Lj4S97Ddk-1024-80.jpg.webp 1200w, https:\/\/cdn.mos.cms.futurecdn.net\/cacHQsfXKWMs7Lj4S97Ddk-1024-80.jpg.webp 1024w, https:\/\/cdn.mos.cms.futurecdn.net\/cacHQsfXKWMs7Lj4S97Ddk-970-80.jpg.webp 970w, https:\/\/cdn.mos.cms.futurecdn.net\/cacHQsfXKWMs7Lj4S97Ddk-650-80.jpg.webp 650w, https:\/\/cdn.mos.cms.futurecdn.net\/cacHQsfXKWMs7Lj4S97Ddk-480-80.jpg.webp 480w, https:\/\/cdn.mos.cms.futurecdn.net\/cacHQsfXKWMs7Lj4S97Ddk-320-80.jpg.webp 320w\" sizes=\"(min-width: 1000px) 970px, calc(100vw - 40px)\"\/>\n<\/picture><\/p>\n<\/div>\n<\/div><figcaption itemprop=\"caption description\" class=\" inline-layout\"><span class=\"caption-text\">Anna van der Breggen, Kasia Niewiadoma-Phinney and Puck Pieterse race into Li\u00e8ge over a minute behind solo winner Demi Vollering <\/span><span class=\"credit\" itemprop=\"copyrightHolder\">(Image credit: Getty Images)<\/span><\/figcaption><\/figure>\n<p id=\"elk-1c6bc03e-0f34-4d49-a410-48cbee9fb7e5\">The two Lidl-Trek riders were eventually distanced and then replaced by Van der Breggen, who had bridged across from a chase group that had included World Champion Magdeleine Valli\u00e8res, Axelle Dubau-Pr\u00e9vot (both EF Education-Oatly), Paula Blasi (UAE Team ADQ), Pauline Ferrand-Pr\u00e9vot (Visma-Lease a Bike), Lore De Schepper (AG Insurance-Soudal), and Vollering&#8217;s teammates Elise Chabbey and Juliette Berthet.<\/p>\n<p>&#8220;I was surprised to see Anna van der Breggen bridging back across from the back, and we lost Isabella [Holmgren] and gained Anna, in the end. I was feeling less confident with Anna in the mix because, of course, she is also a strong sprinter,&#8221; Niewiadoma-Phinney said of the final where Van der Breggen led the trio into the final stretch, only to be outsprinted by both at the line.<\/p>\n<p>&#8220;I think that at the end of such a hard race, you never know who will have legs. I was happy that I could get on the podium because I&#8217;ve been fourth here multiple times, and I&#8217;m happy I could avoid that again.&#8221;<\/p>\n<p id=\"elk-36b8a4e9-af10-4ad5-988e-d39c080dc5ab\"><em><strong>Get unlimited access to our unrivalled 2026 Spring Classics coverage with a Cyclingnews subscription. We&#8217;ll bring you breaking news, reports, and analysis from some of the biggest races on the calendar, including Amstel Gold Race, <\/strong><\/em><strong>La Fl\u00e8che Wallonne, and Li\u00e8ge-Bastogne-Li\u00e8ge<\/strong><em><strong>. <\/strong><\/em><a data-analytics-id=\"inline-link\" href=\"https:\/\/www.cyclingnews.com\/sub24\/?utm_source=Referral+link&amp;utm_medium=Website&amp;utm_campaign=SC26\" target=\"_blank\" data-url=\"https:\/\/www.cyclingnews.com\/sub24\/?utm_source=Referral+link&amp;utm_medium=Website&amp;utm_campaign=SC26\" data-hl-processed=\"none\" data-mrf-recirculation=\"inline-link\" data-before-rewrite-localise=\"https:\/\/www.cyclingnews.com\/sub24\/?utm_source=Referral+link&amp;utm_medium=Website&amp;utm_campaign=SC26\" rel=\"noopener\"><u><em><strong>Find out more.<\/strong><\/em><\/u><\/a><\/p>\n<\/div>\n<p><a href=\"https:\/\/www.cyclingnews.com\/pro-cycling\/womens-cycling\/it-gives-me-extra-motivation-to-work-harder-kasia-niewiadoma-phinney-turns-attention-to-la-vuelta-femenina-after-podium-performance-at-liege-bastogne-liege\/\" target=\"_blank\" rel=\"noopener\">Source link <\/a><\/p>\n","protected":false},"excerpt":{"rendered":"<p>As Kasia Niewiadoma-Phinney turns her attention to the stage racing season at La Vuelta Femenina in May, she reflected on the conclusion of her Spring Classics campaign, where she finished on the podium behind solo winner Demi Vollering (FDJ United-SUEZ) and runner-up Puck Pieterse (Fenix-Premier Tech) at Li\u00e8ge-Bastogne-Li\u00e8ge Femmes on Sunday. &#8220;I&#8217;m happy about it. [&hellip;]<\/p>\n","protected":false},"author":1,"featured_media":119073,"comment_status":"open","ping_status":"open","sticky":false,"template":"","format":"standard","meta":[],"categories":[4],"tags":[],"_links":{"self":[{"href":"https:\/\/basketball.runfyers.com\/index.php\/wp-json\/wp\/v2\/posts\/119072"}],"collection":[{"href":"https:\/\/basketball.runfyers.com\/index.php\/wp-json\/wp\/v2\/posts"}],"about":[{"href":"https:\/\/basketball.runfyers.com\/index.php\/wp-json\/wp\/v2\/types\/post"}],"author":[{"embeddable":true,"href":"https:\/\/basketball.runfyers.com\/index.php\/wp-json\/wp\/v2\/users\/1"}],"replies":[{"embeddable":true,"href":"https:\/\/basketball.runfyers.com\/index.php\/wp-json\/wp\/v2\/comments?post=119072"}],"version-history":[{"count":0,"href":"https:\/\/basketball.runfyers.com\/index.php\/wp-json\/wp\/v2\/posts\/119072\/revisions"}],"wp:featuredmedia":[{"embeddable":true,"href":"https:\/\/basketball.runfyers.com\/index.php\/wp-json\/wp\/v2\/media\/119073"}],"wp:attachment":[{"href":"https:\/\/basketball.runfyers.com\/index.php\/wp-json\/wp\/v2\/media?parent=119072"}],"wp:term":[{"taxonomy":"category","embeddable":true,"href":"https:\/\/basketball.runfyers.com\/index.php\/wp-json\/wp\/v2\/categories?post=119072"},{"taxonomy":"post_tag","embeddable":true,"href":"https:\/\/basketball.runfyers.com\/index.php\/wp-json\/wp\/v2\/tags?post=119072"}],"curies":[{"name":"wp","href":"https:\/\/api.w.org\/{rel}","templated":true}]}}