{"id":118864,"date":"2026-04-24T15:12:44","date_gmt":"2026-04-24T15:12:44","guid":{"rendered":"https:\/\/basketball.runfyers.com\/index.php\/2026\/04\/24\/colombian-pro-cristian-camilo-munoz-dies-after-complications-from-tour-du-jura-crash\/"},"modified":"2026-04-24T15:12:44","modified_gmt":"2026-04-24T15:12:44","slug":"colombian-pro-cristian-camilo-munoz-dies-after-complications-from-tour-du-jura-crash","status":"publish","type":"post","link":"https:\/\/basketball.runfyers.com\/index.php\/2026\/04\/24\/colombian-pro-cristian-camilo-munoz-dies-after-complications-from-tour-du-jura-crash\/","title":{"rendered":"Colombian pro Cristian Camilo Mu\u00f1oz dies after complications from Tour du Jura crash"},"content":{"rendered":"<p><\/p>\n<div>\n<p>Terrible news from the pro peloton on Friday.<\/p>\n<p>Cristian Camilo Mu\u00f1oz Lancheros has died after medical complications linked to a crash at the recent Tour du Jura in France.<\/p>\n<p>His Nu Colombia team confirmed Friday that Mu\u00f1oz, 30, passed away despite ongoing medical treatment.<\/p>\n<p>The <a href=\"https:\/\/federacioncolombianadeciclismo.com\/\" target=\"_blank\" rel=\"noopener\">Federaci\u00f3n Colombiana de Ciclismo<\/a> later issued a statement expressing its condolences and recognizing his career and character within the sport.<\/p>\n<p>\u201cWith deep pain and dismay, the Colombian Cycling Federation and its Executive Committee mourn the death of the talented Boyac\u00e1 athlete Cristian Camilo Mu\u00f1oz Lancheros,\u201d the statement read. \u201cHis departure leaves an immense void in Colombian cycling and in the hearts of all those who had the privilege of knowing him. Cristian will be remembered for his dedication, discipline and human quality inside and outside the peloton.\u201d<\/p>\n<h2>The crash<\/h2>\n<p>According to the team, Mu\u00f1oz initially received treatment after the incident Saturday at the Tour du Jura. After the fall he injured his knee. At first, that seemed to be the exent of his injuries. But things quickly became much worse. Further examinations revealed more serious complications.<\/p>\n<p>Doctors identified an infection that required immediate treatment, but his condition worsened in recent days. Despite medical efforts, he died from those complications.<\/p>\n<p>Following the news of his death, the team announced it would withdraw from the Vuelta a Asturias.<\/p>\n<h2>Mu\u00f1oz\u2019s career<\/h2>\n<p>Mu\u00f1oz began riding with the Conti team Equipo de ciclismo Coldeportes Zenu in 207. Eventually he rode for <a href=\"https:\/\/cyclingmagazine.ca\/sections\/news\/paul-seixas-calls-out-strange-uae-strategy-at-strade-bianche\/\" target=\"_blank\" rel=\"noopener\">UAE Team Emirates<\/a> between 2019 and 2021.<\/p>\n<p>Some of his top results include the mountains classification at the Cl\u00e1sico RCN, as well as stage wins at the Cl\u00e1sica de Anapoima and Vuelta a Boyac\u00e1. He also won the points jersey at the Vuelta de la Juventud, and a stage victory at the under-23 Giro d\u2019Italia.<\/p>\n<p><em>Canadian Cycling Magazine<\/em> extends its condolences to friends and family of Mu\u00f1oz .<\/p>\n<p><!-- CONTENT END 1 --><\/p>\n<\/div>\n<p><script>\n\t\t! function(f, b, e, v, n, t, s) {\n\t\t\tif (f.fbq) return;\n\t\t\tn = f.fbq = function() {\n\t\t\t\tn.callMethod ?\n\t\t\t\t\tn.callMethod.apply(n, arguments) : n.queue.push(arguments)\n\t\t\t};\n\t\t\tif (!f._fbq) f._fbq = n;\n\t\t\tn.push = n;\n\t\t\tn.loaded = !0;\n\t\t\tn.version = '2.0';\n\t\t\tn.queue = [];\n\t\t\tt = b.createElement(e);\n\t\t\tt.async = !0;\n\t\t\tt.src = v;\n\t\t\ts = b.getElementsByTagName(e)[0];\n\t\t\ts.parentNode.insertBefore(t, s)\n\t\t}(window, document, 'script',\n\t\t\t'https:\/\/connect.facebook.net\/en_US\/fbevents.js');\n\t\tfbq('init', '900220307025564');\n\t\tfbq('track', 'PageView');\n\t<\/script><br \/>\n<br \/><a href=\"https:\/\/cyclingmagazine.ca\/sections\/news\/colombian-pro-cristian-camilo-munoz-dies-after-complications-from-tour-du-jura-crash\/\" target=\"_blank\" rel=\"noopener\">Source link <\/a><\/p>\n","protected":false},"excerpt":{"rendered":"<p>Terrible news from the pro peloton on Friday. Cristian Camilo Mu\u00f1oz Lancheros has died after medical complications linked to a crash at the recent Tour du Jura in France. His Nu Colombia team confirmed Friday that Mu\u00f1oz, 30, passed away despite ongoing medical treatment. The Federaci\u00f3n Colombiana de Ciclismo later issued a statement expressing its [&hellip;]<\/p>\n","protected":false},"author":1,"featured_media":118865,"comment_status":"open","ping_status":"open","sticky":false,"template":"","format":"standard","meta":[],"categories":[4],"tags":[],"_links":{"self":[{"href":"https:\/\/basketball.runfyers.com\/index.php\/wp-json\/wp\/v2\/posts\/118864"}],"collection":[{"href":"https:\/\/basketball.runfyers.com\/index.php\/wp-json\/wp\/v2\/posts"}],"about":[{"href":"https:\/\/basketball.runfyers.com\/index.php\/wp-json\/wp\/v2\/types\/post"}],"author":[{"embeddable":true,"href":"https:\/\/basketball.runfyers.com\/index.php\/wp-json\/wp\/v2\/users\/1"}],"replies":[{"embeddable":true,"href":"https:\/\/basketball.runfyers.com\/index.php\/wp-json\/wp\/v2\/comments?post=118864"}],"version-history":[{"count":0,"href":"https:\/\/basketball.runfyers.com\/index.php\/wp-json\/wp\/v2\/posts\/118864\/revisions"}],"wp:featuredmedia":[{"embeddable":true,"href":"https:\/\/basketball.runfyers.com\/index.php\/wp-json\/wp\/v2\/media\/118865"}],"wp:attachment":[{"href":"https:\/\/basketball.runfyers.com\/index.php\/wp-json\/wp\/v2\/media?parent=118864"}],"wp:term":[{"taxonomy":"category","embeddable":true,"href":"https:\/\/basketball.runfyers.com\/index.php\/wp-json\/wp\/v2\/categories?post=118864"},{"taxonomy":"post_tag","embeddable":true,"href":"https:\/\/basketball.runfyers.com\/index.php\/wp-json\/wp\/v2\/tags?post=118864"}],"curies":[{"name":"wp","href":"https:\/\/api.w.org\/{rel}","templated":true}]}}